{"id":265,"date":"2018-10-30T11:56:40","date_gmt":"2018-10-30T11:56:40","guid":{"rendered":"http:\/\/jsra.schmied.de\/?p=265"},"modified":"2021-03-24T11:18:23","modified_gmt":"2021-03-24T11:18:23","slug":"dachverband-der-kindertagesstaetten","status":"publish","type":"post","link":"https:\/\/schmied.de\/en_en\/dachverband-der-kindertagesstaetten\/","title":{"rendered":"umbrella organization for day-care centres"},"content":{"rendered":"<p><span style=\"font-size: inherit;\">I hereby invite all members to attend the AGM. This will be held virtually, alternatively members are also welcome to come to the association&#039;s headquarters, as already notified in writing <\/span><\/p>\n<p><strong style=\"font-size: inherit;\">on April 13, 2021 at 11:00 a.m<\/strong><\/p>\n<p><strong>in the FOMACON BusinessCenter Dusseldorf<\/strong><br \/><strong>Moersenbroicher Weg 191, 40470 Dusseldorf<\/strong><\/p>\n<p>Should you have any further questions beforehand, please do not hesitate to call me.<\/p>\n<p>Your Jan Schmied<\/p>\n<hr \/>\n\n\n<p><\/p>","protected":false},"excerpt":{"rendered":"<p>I hereby invite all members to attend the AGM. This will be held virtually, alternatively members are also welcome to come to the association&#039;s headquarters, as already notified in writing, on April 13, 2021 at 11:00 a.m. in the FOMACON BusinessCenter D\u00fcsseldorfM\u00f6rsenbroicher Weg 191, 40470 D\u00fcsseldorf If you have any further questions in advance, please hesitate not to call me. ... <\/p>\n<p class=\"link-more\"><a href=\"https:\/\/schmied.de\/en_en\/dachverband-der-kindertagesstaetten\/\" class=\"more-link\">Continue reading<span class=\"screen-reader-text\"> &#8222;Umbrella organization of day-care centers&#8220;<\/span><\/a><\/p>","protected":false},"author":1,"featured_media":0,"comment_status":"closed","ping_status":"closed","sticky":false,"template":"","format":"standard","meta":{"footnotes":""},"categories":[5],"tags":[16,15,17],"class_list":["post-265","post","type-post","status-publish","format-standard","hentry","category-zivilrecht","tag-dachverband","tag-kita","tag-verein"],"_links":{"self":[{"href":"https:\/\/schmied.de\/en_en\/wp-json\/wp\/v2\/posts\/265","targetHints":{"allow":["GET"]}}],"collection":[{"href":"https:\/\/schmied.de\/en_en\/wp-json\/wp\/v2\/posts"}],"about":[{"href":"https:\/\/schmied.de\/en_en\/wp-json\/wp\/v2\/types\/post"}],"author":[{"embeddable":true,"href":"https:\/\/schmied.de\/en_en\/wp-json\/wp\/v2\/users\/1"}],"replies":[{"embeddable":true,"href":"https:\/\/schmied.de\/en_en\/wp-json\/wp\/v2\/comments?post=265"}],"version-history":[{"count":6,"href":"https:\/\/schmied.de\/en_en\/wp-json\/wp\/v2\/posts\/265\/revisions"}],"predecessor-version":[{"id":294,"href":"https:\/\/schmied.de\/en_en\/wp-json\/wp\/v2\/posts\/265\/revisions\/294"}],"wp:attachment":[{"href":"https:\/\/schmied.de\/en_en\/wp-json\/wp\/v2\/media?parent=265"}],"wp:term":[{"taxonomy":"category","embeddable":true,"href":"https:\/\/schmied.de\/en_en\/wp-json\/wp\/v2\/categories?post=265"},{"taxonomy":"post_tag","embeddable":true,"href":"https:\/\/schmied.de\/en_en\/wp-json\/wp\/v2\/tags?post=265"}],"curies":[{"name":"wp","href":"https:\/\/api.w.org\/{rel}","templated":true}]}}